{"id":3952,"date":"2023-08-17T17:38:43","date_gmt":"2023-08-17T15:38:43","guid":{"rendered":"https:\/\/lautrerives.com\/presse\/france-3-midi-en-france-2016\/"},"modified":"2024-02-05T16:43:04","modified_gmt":"2024-02-05T15:43:04","slug":"france-3-midi-en-france-2016","status":"publish","type":"presse","link":"https:\/\/lautrerives.com\/en\/press\/france-3-midi-en-france-2016\/","title":{"rendered":"France 3 &#8211; Midi en France &#8211; 2016"},"content":{"rendered":"\n<figure class=\"wp-block-image size-large\"><img fetchpriority=\"high\" decoding=\"async\" width=\"1024\" height=\"683\" src=\"http:\/\/lautrerives.comete-prod.com\/wp-content\/uploads\/2023\/07\/Exterieurs-002-1024x683.jpg\" alt=\"Front view on the street of the guesthouse 'Autre Rives' in Albi.\" class=\"wp-image-3249\" srcset=\"https:\/\/lautrerives.com\/wp-content\/uploads\/2023\/07\/Exterieurs-002-1024x683.jpg 1024w, https:\/\/lautrerives.com\/wp-content\/uploads\/2023\/07\/Exterieurs-002-300x200.jpg 300w, https:\/\/lautrerives.com\/wp-content\/uploads\/2023\/07\/Exterieurs-002-768x512.jpg 768w, https:\/\/lautrerives.com\/wp-content\/uploads\/2023\/07\/Exterieurs-002-1536x1024.jpg 1536w, https:\/\/lautrerives.com\/wp-content\/uploads\/2023\/07\/Exterieurs-002-scaled.jpg 2048w\" sizes=\"(max-width: 1024px) 100vw, 1024px\" \/><\/figure>","protected":false},"excerpt":{"rendered":"","protected":false},"author":3,"featured_media":0,"menu_order":0,"comment_status":"closed","ping_status":"closed","template":"","format":"standard","meta":{"_acf_changed":false,"footnotes":""},"categories":[],"tags":[],"class_list":["post-3952","presse","type-presse","status-publish","format-standard","hentry"],"acf":[],"yoast_head":"<!-- This site is optimized with the Yoast SEO plugin v27.4 - https:\/\/yoast.com\/product\/yoast-seo-wordpress\/ -->\n<title>France 3 - Midi en France - 2016 - L&#039;Autre Rives Maison d&#039;h\u00f4tes charme &amp; design \u00e0 Albi<\/title>\n<meta name=\"description\" content=\"L&#039;Autre Rives, maison d&#039;h\u00f4tes \u00e0 Albi, \u00e9tait pr\u00e9sente dans l&#039;\u00e9mission Midi en France pour ces d\u00e9buts ! Quelle \u00e9motion de revoir les pr\u00e9mices de la Maison d&#039;h\u00f4tes !\" \/>\n<meta name=\"robots\" content=\"index, follow, max-snippet:-1, max-image-preview:large, max-video-preview:-1\" \/>\n<link rel=\"canonical\" href=\"https:\/\/lautrerives.com\/press\/l-autre-rives-dans-midi-en-france-en-2016\/\" \/>\n<meta property=\"og:locale\" content=\"en_US\" \/>\n<meta property=\"og:type\" content=\"article\" \/>\n<meta property=\"og:title\" content=\"France 3 - Midi en France - 2016 - L&#039;Autre Rives Maison d&#039;h\u00f4tes charme &amp; design \u00e0 Albi\" \/>\n<meta property=\"og:description\" content=\"L&#039;Autre Rives, maison d&#039;h\u00f4tes \u00e0 Albi, \u00e9tait pr\u00e9sente dans l&#039;\u00e9mission Midi en France pour ces d\u00e9buts ! Quelle \u00e9motion de revoir les pr\u00e9mices de la Maison d&#039;h\u00f4tes !\" \/>\n<meta property=\"og:url\" content=\"https:\/\/lautrerives.com\/press\/l-autre-rives-dans-midi-en-france-en-2016\/\" \/>\n<meta property=\"og:site_name\" content=\"L&#039;Autre Rives\" \/>\n<meta property=\"article:publisher\" content=\"https:\/\/www.facebook.com\/lautrerives\/\" \/>\n<meta property=\"article:modified_time\" content=\"2024-02-05T15:43:04+00:00\" \/>\n<meta property=\"og:image\" content=\"http:\/\/lautrerives.comete-prod.com\/wp-content\/uploads\/2023\/07\/Exterieurs-002-1024x683.jpg\" \/>\n<meta name=\"twitter:card\" content=\"summary_large_image\" \/>\n<script type=\"application\/ld+json\" class=\"yoast-schema-graph\">{\"@context\":\"https:\\\/\\\/schema.org\",\"@graph\":[{\"@type\":\"WebPage\",\"@id\":\"https:\\\/\\\/lautrerives.com\\\/press\\\/l-autre-rives-dans-midi-en-france-en-2016\\\/\",\"url\":\"https:\\\/\\\/lautrerives.com\\\/press\\\/l-autre-rives-dans-midi-en-france-en-2016\\\/\",\"name\":\"France 3 - Midi en France - 2016 - L&#039;Autre Rives Maison d&#039;h\u00f4tes charme &amp; design \u00e0 Albi\",\"isPartOf\":{\"@id\":\"https:\\\/\\\/lautrerives.com\\\/#website\"},\"primaryImageOfPage\":{\"@id\":\"https:\\\/\\\/lautrerives.com\\\/press\\\/l-autre-rives-dans-midi-en-france-en-2016\\\/#primaryimage\"},\"image\":{\"@id\":\"https:\\\/\\\/lautrerives.com\\\/press\\\/l-autre-rives-dans-midi-en-france-en-2016\\\/#primaryimage\"},\"thumbnailUrl\":\"http:\\\/\\\/lautrerives.comete-prod.com\\\/wp-content\\\/uploads\\\/2023\\\/07\\\/Exterieurs-002-1024x683.jpg\",\"datePublished\":\"2023-08-17T15:38:43+00:00\",\"dateModified\":\"2024-02-05T15:43:04+00:00\",\"description\":\"L'Autre Rives, maison d'h\u00f4tes \u00e0 Albi, \u00e9tait pr\u00e9sente dans l'\u00e9mission Midi en France pour ces d\u00e9buts ! Quelle \u00e9motion de revoir les pr\u00e9mices de la Maison d'h\u00f4tes !\",\"breadcrumb\":{\"@id\":\"https:\\\/\\\/lautrerives.com\\\/press\\\/l-autre-rives-dans-midi-en-france-en-2016\\\/#breadcrumb\"},\"inLanguage\":\"en-US\",\"potentialAction\":[{\"@type\":\"ReadAction\",\"target\":[\"https:\\\/\\\/lautrerives.com\\\/press\\\/l-autre-rives-dans-midi-en-france-en-2016\\\/\"]}]},{\"@type\":\"ImageObject\",\"inLanguage\":\"en-US\",\"@id\":\"https:\\\/\\\/lautrerives.com\\\/press\\\/l-autre-rives-dans-midi-en-france-en-2016\\\/#primaryimage\",\"url\":\"http:\\\/\\\/lautrerives.comete-prod.com\\\/wp-content\\\/uploads\\\/2023\\\/07\\\/Exterieurs-002-1024x683.jpg\",\"contentUrl\":\"http:\\\/\\\/lautrerives.comete-prod.com\\\/wp-content\\\/uploads\\\/2023\\\/07\\\/Exterieurs-002-1024x683.jpg\"},{\"@type\":\"BreadcrumbList\",\"@id\":\"https:\\\/\\\/lautrerives.com\\\/press\\\/l-autre-rives-dans-midi-en-france-en-2016\\\/#breadcrumb\",\"itemListElement\":[{\"@type\":\"ListItem\",\"position\":1,\"name\":\"Accueil\",\"item\":\"https:\\\/\\\/lautrerives.com\\\/en\\\/\"},{\"@type\":\"ListItem\",\"position\":2,\"name\":\"France 3 &#8211; Midi en France &#8211; 2016\"}]},{\"@type\":\"WebSite\",\"@id\":\"https:\\\/\\\/lautrerives.com\\\/#website\",\"url\":\"https:\\\/\\\/lautrerives.com\\\/\",\"name\":\"L'Autre Rives\",\"description\":\"Maison d&#039;h\u00f4tes charme &amp; design \u00e0 Albi\",\"publisher\":{\"@id\":\"https:\\\/\\\/lautrerives.com\\\/#organization\"},\"potentialAction\":[{\"@type\":\"SearchAction\",\"target\":{\"@type\":\"EntryPoint\",\"urlTemplate\":\"https:\\\/\\\/lautrerives.com\\\/?s={search_term_string}\"},\"query-input\":{\"@type\":\"PropertyValueSpecification\",\"valueRequired\":true,\"valueName\":\"search_term_string\"}}],\"inLanguage\":\"en-US\"},{\"@type\":\"Organization\",\"@id\":\"https:\\\/\\\/lautrerives.com\\\/#organization\",\"name\":\"L'Autre Rives\",\"url\":\"https:\\\/\\\/lautrerives.com\\\/\",\"logo\":{\"@type\":\"ImageObject\",\"inLanguage\":\"en-US\",\"@id\":\"https:\\\/\\\/lautrerives.com\\\/#\\\/schema\\\/logo\\\/image\\\/\",\"url\":\"https:\\\/\\\/lautrerives.com\\\/wp-content\\\/uploads\\\/2024\\\/01\\\/Personnalisez-L-autre-Rives-L-Autre-Rives.png\",\"contentUrl\":\"https:\\\/\\\/lautrerives.com\\\/wp-content\\\/uploads\\\/2024\\\/01\\\/Personnalisez-L-autre-Rives-L-Autre-Rives.png\",\"width\":283,\"height\":252,\"caption\":\"L'Autre Rives\"},\"image\":{\"@id\":\"https:\\\/\\\/lautrerives.com\\\/#\\\/schema\\\/logo\\\/image\\\/\"},\"sameAs\":[\"https:\\\/\\\/www.facebook.com\\\/lautrerives\\\/\",\"https:\\\/\\\/www.instagram.com\\\/lautrerives_maison_dhotes\\\/\",\"https:\\\/\\\/www.youtube.com\\\/@isabellemartial1877\",\"https:\\\/\\\/fr.linkedin.com\\\/company\\\/l-autre-rives\"]}]}<\/script>\n<!-- \/ Yoast SEO plugin. -->","yoast_head_json":{"title":"France 3 - Midi en France - 2016 - L&#039;Autre Rives Maison d&#039;h\u00f4tes charme &amp; design \u00e0 Albi","description":"L'Autre Rives, maison d'h\u00f4tes \u00e0 Albi, \u00e9tait pr\u00e9sente dans l'\u00e9mission Midi en France pour ces d\u00e9buts ! Quelle \u00e9motion de revoir les pr\u00e9mices de la Maison d'h\u00f4tes !","robots":{"index":"index","follow":"follow","max-snippet":"max-snippet:-1","max-image-preview":"max-image-preview:large","max-video-preview":"max-video-preview:-1"},"canonical":"https:\/\/lautrerives.com\/press\/l-autre-rives-dans-midi-en-france-en-2016\/","og_locale":"en_US","og_type":"article","og_title":"France 3 - Midi en France - 2016 - L&#039;Autre Rives Maison d&#039;h\u00f4tes charme &amp; design \u00e0 Albi","og_description":"L'Autre Rives, maison d'h\u00f4tes \u00e0 Albi, \u00e9tait pr\u00e9sente dans l'\u00e9mission Midi en France pour ces d\u00e9buts ! Quelle \u00e9motion de revoir les pr\u00e9mices de la Maison d'h\u00f4tes !","og_url":"https:\/\/lautrerives.com\/press\/l-autre-rives-dans-midi-en-france-en-2016\/","og_site_name":"L&#039;Autre Rives","article_publisher":"https:\/\/www.facebook.com\/lautrerives\/","article_modified_time":"2024-02-05T15:43:04+00:00","og_image":[{"url":"http:\/\/lautrerives.comete-prod.com\/wp-content\/uploads\/2023\/07\/Exterieurs-002-1024x683.jpg","type":"","width":"","height":""}],"twitter_card":"summary_large_image","schema":{"@context":"https:\/\/schema.org","@graph":[{"@type":"WebPage","@id":"https:\/\/lautrerives.com\/press\/l-autre-rives-dans-midi-en-france-en-2016\/","url":"https:\/\/lautrerives.com\/press\/l-autre-rives-dans-midi-en-france-en-2016\/","name":"France 3 - Midi en France - 2016 - L&#039;Autre Rives Maison d&#039;h\u00f4tes charme &amp; design \u00e0 Albi","isPartOf":{"@id":"https:\/\/lautrerives.com\/#website"},"primaryImageOfPage":{"@id":"https:\/\/lautrerives.com\/press\/l-autre-rives-dans-midi-en-france-en-2016\/#primaryimage"},"image":{"@id":"https:\/\/lautrerives.com\/press\/l-autre-rives-dans-midi-en-france-en-2016\/#primaryimage"},"thumbnailUrl":"http:\/\/lautrerives.comete-prod.com\/wp-content\/uploads\/2023\/07\/Exterieurs-002-1024x683.jpg","datePublished":"2023-08-17T15:38:43+00:00","dateModified":"2024-02-05T15:43:04+00:00","description":"L'Autre Rives, maison d'h\u00f4tes \u00e0 Albi, \u00e9tait pr\u00e9sente dans l'\u00e9mission Midi en France pour ces d\u00e9buts ! Quelle \u00e9motion de revoir les pr\u00e9mices de la Maison d'h\u00f4tes !","breadcrumb":{"@id":"https:\/\/lautrerives.com\/press\/l-autre-rives-dans-midi-en-france-en-2016\/#breadcrumb"},"inLanguage":"en-US","potentialAction":[{"@type":"ReadAction","target":["https:\/\/lautrerives.com\/press\/l-autre-rives-dans-midi-en-france-en-2016\/"]}]},{"@type":"ImageObject","inLanguage":"en-US","@id":"https:\/\/lautrerives.com\/press\/l-autre-rives-dans-midi-en-france-en-2016\/#primaryimage","url":"http:\/\/lautrerives.comete-prod.com\/wp-content\/uploads\/2023\/07\/Exterieurs-002-1024x683.jpg","contentUrl":"http:\/\/lautrerives.comete-prod.com\/wp-content\/uploads\/2023\/07\/Exterieurs-002-1024x683.jpg"},{"@type":"BreadcrumbList","@id":"https:\/\/lautrerives.com\/press\/l-autre-rives-dans-midi-en-france-en-2016\/#breadcrumb","itemListElement":[{"@type":"ListItem","position":1,"name":"Accueil","item":"https:\/\/lautrerives.com\/en\/"},{"@type":"ListItem","position":2,"name":"France 3 &#8211; Midi en France &#8211; 2016"}]},{"@type":"WebSite","@id":"https:\/\/lautrerives.com\/#website","url":"https:\/\/lautrerives.com\/","name":"L'Autre Rives","description":"Maison d&#039;h\u00f4tes charme &amp; design \u00e0 Albi","publisher":{"@id":"https:\/\/lautrerives.com\/#organization"},"potentialAction":[{"@type":"SearchAction","target":{"@type":"EntryPoint","urlTemplate":"https:\/\/lautrerives.com\/?s={search_term_string}"},"query-input":{"@type":"PropertyValueSpecification","valueRequired":true,"valueName":"search_term_string"}}],"inLanguage":"en-US"},{"@type":"Organization","@id":"https:\/\/lautrerives.com\/#organization","name":"L'Autre Rives","url":"https:\/\/lautrerives.com\/","logo":{"@type":"ImageObject","inLanguage":"en-US","@id":"https:\/\/lautrerives.com\/#\/schema\/logo\/image\/","url":"https:\/\/lautrerives.com\/wp-content\/uploads\/2024\/01\/Personnalisez-L-autre-Rives-L-Autre-Rives.png","contentUrl":"https:\/\/lautrerives.com\/wp-content\/uploads\/2024\/01\/Personnalisez-L-autre-Rives-L-Autre-Rives.png","width":283,"height":252,"caption":"L'Autre Rives"},"image":{"@id":"https:\/\/lautrerives.com\/#\/schema\/logo\/image\/"},"sameAs":["https:\/\/www.facebook.com\/lautrerives\/","https:\/\/www.instagram.com\/lautrerives_maison_dhotes\/","https:\/\/www.youtube.com\/@isabellemartial1877","https:\/\/fr.linkedin.com\/company\/l-autre-rives"]}]}},"_links":{"self":[{"href":"https:\/\/lautrerives.com\/en\/wp-json\/wp\/v2\/presse\/3952","targetHints":{"allow":["GET"]}}],"collection":[{"href":"https:\/\/lautrerives.com\/en\/wp-json\/wp\/v2\/presse"}],"about":[{"href":"https:\/\/lautrerives.com\/en\/wp-json\/wp\/v2\/types\/presse"}],"author":[{"embeddable":true,"href":"https:\/\/lautrerives.com\/en\/wp-json\/wp\/v2\/users\/3"}],"replies":[{"embeddable":true,"href":"https:\/\/lautrerives.com\/en\/wp-json\/wp\/v2\/comments?post=3952"}],"version-history":[{"count":0,"href":"https:\/\/lautrerives.com\/en\/wp-json\/wp\/v2\/presse\/3952\/revisions"}],"wp:attachment":[{"href":"https:\/\/lautrerives.com\/en\/wp-json\/wp\/v2\/media?parent=3952"}],"wp:term":[{"taxonomy":"category","embeddable":true,"href":"https:\/\/lautrerives.com\/en\/wp-json\/wp\/v2\/categories?post=3952"},{"taxonomy":"post_tag","embeddable":true,"href":"https:\/\/lautrerives.com\/en\/wp-json\/wp\/v2\/tags?post=3952"}],"curies":[{"name":"wp","href":"https:\/\/api.w.org\/{rel}","templated":true}]}}